{"id":941,"date":"2016-12-28T16:33:52","date_gmt":"2016-12-28T15:33:52","guid":{"rendered":"http:\/\/outoffocus.eu\/intro\/?p=941"},"modified":"2016-12-28T16:33:52","modified_gmt":"2016-12-28T15:33:52","slug":"the-revenge-song","status":"publish","type":"post","link":"https:\/\/outoffocus.eu\/intro\/index.php\/the-revenge-song\/","title":{"rendered":"The revenge song"},"content":{"rendered":"<p style=\"text-align: center;\"><a href=\"https:\/\/outoffocus.eu\/intro\/wp-content\/uploads\/2016\/12\/Musical-3.jpg\"><img loading=\"lazy\" decoding=\"async\" class=\"alignright  wp-image-944\" src=\"https:\/\/outoffocus.eu\/intro\/wp-content\/uploads\/2016\/12\/Musical-3.jpg\" alt=\"\" width=\"123\" height=\"244\" \/><\/a><\/p>\n<p style=\"text-align: center;\">Ytterligare en l\u00e5t som legat f\u00e4rdig utan s\u00e5ng i flera \u00e5r. Tack vare Ms H:s lena st\u00e4mma \u00e4r den \u00e4ntligen klar.<\/p>\n<p style=\"text-align: center;\">Detta \u00e4r ju naturligtvis bara 1:a l\u00e5ten i en 2,5 timmars musikal med h\u00e4mnden som centralt tema. Den ska handla om&#8230;. en skolflicka som&#8230;blir mobbad&#8230;antagligen via n\u00e4trykten&#8230;och hennes fruktansv\u00e4rda h\u00e4mnd som vuxen. De andra l\u00e5tarna ska bara skrivas klart&#8230;vilket decennium som helst!<\/p>\n<audio class=\"wp-audio-shortcode\" id=\"audio-941-1\" preload=\"none\" style=\"width: 100%;\" controls=\"controls\"><source type=\"audio\/mpeg\" src=\"https:\/\/outoffocus.eu\/intro\/wp-content\/uploads\/2016\/12\/The-revenge-song.mp3?_=1\" \/><a href=\"https:\/\/outoffocus.eu\/intro\/wp-content\/uploads\/2016\/12\/The-revenge-song.mp3\">https:\/\/outoffocus.eu\/intro\/wp-content\/uploads\/2016\/12\/The-revenge-song.mp3<\/a><\/audio>\n","protected":false},"excerpt":{"rendered":"<p>Ytterligare en l\u00e5t som legat f\u00e4rdig utan s\u00e5ng i flera \u00e5r. Tack vare Ms H:s lena st\u00e4mma \u00e4r den \u00e4ntligen klar. Detta \u00e4r ju naturligtvis bara 1:a l\u00e5ten i en 2,5 timmars musikal med h\u00e4mnden som centralt tema. Den ska handla om&#8230;. en skolflicka som&#8230;blir mobbad&#8230;antagligen via n\u00e4trykten&#8230;och hennes fruktansv\u00e4rda h\u00e4mnd som vuxen. De andra [&hellip;]<\/p>\n","protected":false},"author":1,"featured_media":0,"comment_status":"open","ping_status":"closed","sticky":false,"template":"","format":"standard","meta":{"footnotes":""},"categories":[4],"tags":[],"class_list":["post-941","post","type-post","status-publish","format-standard","hentry","category-vara-latar"],"_links":{"self":[{"href":"https:\/\/outoffocus.eu\/intro\/index.php\/wp-json\/wp\/v2\/posts\/941","targetHints":{"allow":["GET"]}}],"collection":[{"href":"https:\/\/outoffocus.eu\/intro\/index.php\/wp-json\/wp\/v2\/posts"}],"about":[{"href":"https:\/\/outoffocus.eu\/intro\/index.php\/wp-json\/wp\/v2\/types\/post"}],"author":[{"embeddable":true,"href":"https:\/\/outoffocus.eu\/intro\/index.php\/wp-json\/wp\/v2\/users\/1"}],"replies":[{"embeddable":true,"href":"https:\/\/outoffocus.eu\/intro\/index.php\/wp-json\/wp\/v2\/comments?post=941"}],"version-history":[{"count":2,"href":"https:\/\/outoffocus.eu\/intro\/index.php\/wp-json\/wp\/v2\/posts\/941\/revisions"}],"predecessor-version":[{"id":947,"href":"https:\/\/outoffocus.eu\/intro\/index.php\/wp-json\/wp\/v2\/posts\/941\/revisions\/947"}],"wp:attachment":[{"href":"https:\/\/outoffocus.eu\/intro\/index.php\/wp-json\/wp\/v2\/media?parent=941"}],"wp:term":[{"taxonomy":"category","embeddable":true,"href":"https:\/\/outoffocus.eu\/intro\/index.php\/wp-json\/wp\/v2\/categories?post=941"},{"taxonomy":"post_tag","embeddable":true,"href":"https:\/\/outoffocus.eu\/intro\/index.php\/wp-json\/wp\/v2\/tags?post=941"}],"curies":[{"name":"wp","href":"https:\/\/api.w.org\/{rel}","templated":true}]}}